{"id":1412,"date":"2020-05-14T15:26:53","date_gmt":"2020-05-14T13:26:53","guid":{"rendered":"http:\/\/www.saarhafen.de\/dat-will-fly-from-saarbruecken-to-berlin-from-june-2-again\/"},"modified":"2020-05-14T15:26:53","modified_gmt":"2020-05-14T13:26:53","slug":"dat-will-fly-from-saarbruecken-to-berlin-from-june-2-again","status":"publish","type":"post","link":"http:\/\/www.saarhafen.de\/en\/dat-will-fly-from-saarbruecken-to-berlin-from-june-2-again\/","title":{"rendered":"DAT will fly from Saarbr\u00fccken to Berlin from June 2 again"},"content":{"rendered":"<h1>Saarbr\u00fccken Airport:<\/h1>\n<h1>DAT will fly from Saarbr\u00fccken to Berlin from June 2 again.<\/h1>\n<p>On June 2, the airline DAT will resume flight operations on the Saarbr\u00fccken-Berlin connection. First, there will be a return flight every day, namely from Monday to Friday and on Sundays. Saarbr\u00fccken starts at 7:30 a.m. from Monday to Thursday, and at 1:40 p.m. on Fridays and Sundays. Both DAT and the airport thus respond to the increasing demand for Berlin flights at short notice.<\/p>\n<p>Saarbr\u00fccken Airport is prepared for the restart of flight operations and has taken appropriate measures in accordance with the recommendations of the RKI and the aviation authorities to ensure a safe handling of passengers and flights.<\/p>\n<p>&nbsp;<\/p>\n","protected":false},"excerpt":{"rendered":"<p>Saarbr\u00fccken Airport: DAT will fly from Saarbr\u00fccken to Berlin from June 2 again. On June<\/p>\n","protected":false},"author":8,"featured_media":0,"comment_status":"closed","ping_status":"closed","sticky":false,"template":"","format":"standard","meta":{"_acf_changed":false,"footnotes":""},"categories":[23],"tags":[],"class_list":["post-1412","post","type-post","status-publish","format-standard","hentry","category-general"],"acf":[],"yoast_head":"<!-- This site is optimized with the Yoast SEO plugin v27.4 - https:\/\/yoast.com\/product\/yoast-seo-wordpress\/ -->\n<title>DAT will fly from Saarbr\u00fccken to Berlin from June 2 again - Hafenbetriebe Saar<\/title>\n<meta name=\"robots\" content=\"index, follow, max-snippet:-1, max-image-preview:large, max-video-preview:-1\" \/>\n<link rel=\"canonical\" href=\"http:\/\/www.saarhafen.de\/en\/dat-will-fly-from-saarbruecken-to-berlin-from-june-2-again\/\" \/>\n<meta property=\"og:locale\" content=\"en_US\" \/>\n<meta property=\"og:type\" content=\"article\" \/>\n<meta property=\"og:title\" content=\"DAT will fly from Saarbr\u00fccken to Berlin from June 2 again - Hafenbetriebe Saar\" \/>\n<meta property=\"og:description\" content=\"Saarbr\u00fccken Airport: DAT will fly from Saarbr\u00fccken to Berlin from June 2 again. On June\" \/>\n<meta property=\"og:url\" content=\"http:\/\/www.saarhafen.de\/en\/dat-will-fly-from-saarbruecken-to-berlin-from-june-2-again\/\" \/>\n<meta property=\"og:site_name\" content=\"Hafenbetriebe Saar\" \/>\n<meta property=\"article:published_time\" content=\"2020-05-14T13:26:53+00:00\" \/>\n<meta name=\"author\" content=\"marcneuhardt\" \/>\n<meta name=\"twitter:card\" content=\"summary_large_image\" \/>\n<meta name=\"twitter:label1\" content=\"Written by\" \/>\n\t<meta name=\"twitter:data1\" content=\"marcneuhardt\" \/>\n\t<meta name=\"twitter:label2\" content=\"Est. reading time\" \/>\n\t<meta name=\"twitter:data2\" content=\"1 minute\" \/>\n<script type=\"application\/ld+json\" class=\"yoast-schema-graph\">{\"@context\":\"https:\\\/\\\/schema.org\",\"@graph\":[{\"@type\":\"Article\",\"@id\":\"http:\\\/\\\/www.saarhafen.de\\\/en\\\/dat-will-fly-from-saarbruecken-to-berlin-from-june-2-again\\\/#article\",\"isPartOf\":{\"@id\":\"http:\\\/\\\/www.saarhafen.de\\\/en\\\/dat-will-fly-from-saarbruecken-to-berlin-from-june-2-again\\\/\"},\"author\":{\"name\":\"marcneuhardt\",\"@id\":\"https:\\\/\\\/www.saarhafen.de\\\/#\\\/schema\\\/person\\\/9a16d7201991ccc62960722ad53cac61\"},\"headline\":\"DAT will fly from Saarbr\u00fccken to Berlin from June 2 again\",\"datePublished\":\"2020-05-14T13:26:53+00:00\",\"mainEntityOfPage\":{\"@id\":\"http:\\\/\\\/www.saarhafen.de\\\/en\\\/dat-will-fly-from-saarbruecken-to-berlin-from-june-2-again\\\/\"},\"wordCount\":129,\"articleSection\":[\"General\"],\"inLanguage\":\"en-US\"},{\"@type\":\"WebPage\",\"@id\":\"http:\\\/\\\/www.saarhafen.de\\\/en\\\/dat-will-fly-from-saarbruecken-to-berlin-from-june-2-again\\\/\",\"url\":\"http:\\\/\\\/www.saarhafen.de\\\/en\\\/dat-will-fly-from-saarbruecken-to-berlin-from-june-2-again\\\/\",\"name\":\"DAT will fly from Saarbr\u00fccken to Berlin from June 2 again - Hafenbetriebe Saar\",\"isPartOf\":{\"@id\":\"https:\\\/\\\/www.saarhafen.de\\\/#website\"},\"datePublished\":\"2020-05-14T13:26:53+00:00\",\"author\":{\"@id\":\"https:\\\/\\\/www.saarhafen.de\\\/#\\\/schema\\\/person\\\/9a16d7201991ccc62960722ad53cac61\"},\"breadcrumb\":{\"@id\":\"http:\\\/\\\/www.saarhafen.de\\\/en\\\/dat-will-fly-from-saarbruecken-to-berlin-from-june-2-again\\\/#breadcrumb\"},\"inLanguage\":\"en-US\",\"potentialAction\":[{\"@type\":\"ReadAction\",\"target\":[\"http:\\\/\\\/www.saarhafen.de\\\/en\\\/dat-will-fly-from-saarbruecken-to-berlin-from-june-2-again\\\/\"]}]},{\"@type\":\"BreadcrumbList\",\"@id\":\"http:\\\/\\\/www.saarhafen.de\\\/en\\\/dat-will-fly-from-saarbruecken-to-berlin-from-june-2-again\\\/#breadcrumb\",\"itemListElement\":[{\"@type\":\"ListItem\",\"position\":1,\"name\":\"Home\",\"item\":\"http:\\\/\\\/www.saarhafen.de\\\/en\\\/\"},{\"@type\":\"ListItem\",\"position\":2,\"name\":\"DAT will fly from Saarbr\u00fccken to Berlin from June 2 again\"}]},{\"@type\":\"WebSite\",\"@id\":\"https:\\\/\\\/www.saarhafen.de\\\/#website\",\"url\":\"https:\\\/\\\/www.saarhafen.de\\\/\",\"name\":\"Hafenbetriebe Saar\",\"description\":\"Eine weitere SHS | Strukturholding Saar Seiten Seite\",\"potentialAction\":[{\"@type\":\"SearchAction\",\"target\":{\"@type\":\"EntryPoint\",\"urlTemplate\":\"https:\\\/\\\/www.saarhafen.de\\\/?s={search_term_string}\"},\"query-input\":{\"@type\":\"PropertyValueSpecification\",\"valueRequired\":true,\"valueName\":\"search_term_string\"}}],\"inLanguage\":\"en-US\"},{\"@type\":\"Person\",\"@id\":\"https:\\\/\\\/www.saarhafen.de\\\/#\\\/schema\\\/person\\\/9a16d7201991ccc62960722ad53cac61\",\"name\":\"marcneuhardt\",\"url\":\"http:\\\/\\\/www.saarhafen.de\\\/en\\\/author\\\/marc-neuhardt\\\/\"}]}<\/script>\n<!-- \/ Yoast SEO plugin. -->","yoast_head_json":{"title":"DAT will fly from Saarbr\u00fccken to Berlin from June 2 again - Hafenbetriebe Saar","robots":{"index":"index","follow":"follow","max-snippet":"max-snippet:-1","max-image-preview":"max-image-preview:large","max-video-preview":"max-video-preview:-1"},"canonical":"http:\/\/www.saarhafen.de\/en\/dat-will-fly-from-saarbruecken-to-berlin-from-june-2-again\/","og_locale":"en_US","og_type":"article","og_title":"DAT will fly from Saarbr\u00fccken to Berlin from June 2 again - Hafenbetriebe Saar","og_description":"Saarbr\u00fccken Airport: DAT will fly from Saarbr\u00fccken to Berlin from June 2 again. On June","og_url":"http:\/\/www.saarhafen.de\/en\/dat-will-fly-from-saarbruecken-to-berlin-from-june-2-again\/","og_site_name":"Hafenbetriebe Saar","article_published_time":"2020-05-14T13:26:53+00:00","author":"marcneuhardt","twitter_card":"summary_large_image","twitter_misc":{"Written by":"marcneuhardt","Est. reading time":"1 minute"},"schema":{"@context":"https:\/\/schema.org","@graph":[{"@type":"Article","@id":"http:\/\/www.saarhafen.de\/en\/dat-will-fly-from-saarbruecken-to-berlin-from-june-2-again\/#article","isPartOf":{"@id":"http:\/\/www.saarhafen.de\/en\/dat-will-fly-from-saarbruecken-to-berlin-from-june-2-again\/"},"author":{"name":"marcneuhardt","@id":"https:\/\/www.saarhafen.de\/#\/schema\/person\/9a16d7201991ccc62960722ad53cac61"},"headline":"DAT will fly from Saarbr\u00fccken to Berlin from June 2 again","datePublished":"2020-05-14T13:26:53+00:00","mainEntityOfPage":{"@id":"http:\/\/www.saarhafen.de\/en\/dat-will-fly-from-saarbruecken-to-berlin-from-june-2-again\/"},"wordCount":129,"articleSection":["General"],"inLanguage":"en-US"},{"@type":"WebPage","@id":"http:\/\/www.saarhafen.de\/en\/dat-will-fly-from-saarbruecken-to-berlin-from-june-2-again\/","url":"http:\/\/www.saarhafen.de\/en\/dat-will-fly-from-saarbruecken-to-berlin-from-june-2-again\/","name":"DAT will fly from Saarbr\u00fccken to Berlin from June 2 again - Hafenbetriebe Saar","isPartOf":{"@id":"https:\/\/www.saarhafen.de\/#website"},"datePublished":"2020-05-14T13:26:53+00:00","author":{"@id":"https:\/\/www.saarhafen.de\/#\/schema\/person\/9a16d7201991ccc62960722ad53cac61"},"breadcrumb":{"@id":"http:\/\/www.saarhafen.de\/en\/dat-will-fly-from-saarbruecken-to-berlin-from-june-2-again\/#breadcrumb"},"inLanguage":"en-US","potentialAction":[{"@type":"ReadAction","target":["http:\/\/www.saarhafen.de\/en\/dat-will-fly-from-saarbruecken-to-berlin-from-june-2-again\/"]}]},{"@type":"BreadcrumbList","@id":"http:\/\/www.saarhafen.de\/en\/dat-will-fly-from-saarbruecken-to-berlin-from-june-2-again\/#breadcrumb","itemListElement":[{"@type":"ListItem","position":1,"name":"Home","item":"http:\/\/www.saarhafen.de\/en\/"},{"@type":"ListItem","position":2,"name":"DAT will fly from Saarbr\u00fccken to Berlin from June 2 again"}]},{"@type":"WebSite","@id":"https:\/\/www.saarhafen.de\/#website","url":"https:\/\/www.saarhafen.de\/","name":"Hafenbetriebe Saar","description":"Eine weitere SHS | Strukturholding Saar Seiten Seite","potentialAction":[{"@type":"SearchAction","target":{"@type":"EntryPoint","urlTemplate":"https:\/\/www.saarhafen.de\/?s={search_term_string}"},"query-input":{"@type":"PropertyValueSpecification","valueRequired":true,"valueName":"search_term_string"}}],"inLanguage":"en-US"},{"@type":"Person","@id":"https:\/\/www.saarhafen.de\/#\/schema\/person\/9a16d7201991ccc62960722ad53cac61","name":"marcneuhardt","url":"http:\/\/www.saarhafen.de\/en\/author\/marc-neuhardt\/"}]}},"_links":{"self":[{"href":"http:\/\/www.saarhafen.de\/en\/wp-json\/wp\/v2\/posts\/1412","targetHints":{"allow":["GET"]}}],"collection":[{"href":"http:\/\/www.saarhafen.de\/en\/wp-json\/wp\/v2\/posts"}],"about":[{"href":"http:\/\/www.saarhafen.de\/en\/wp-json\/wp\/v2\/types\/post"}],"author":[{"embeddable":true,"href":"http:\/\/www.saarhafen.de\/en\/wp-json\/wp\/v2\/users\/8"}],"replies":[{"embeddable":true,"href":"http:\/\/www.saarhafen.de\/en\/wp-json\/wp\/v2\/comments?post=1412"}],"version-history":[{"count":0,"href":"http:\/\/www.saarhafen.de\/en\/wp-json\/wp\/v2\/posts\/1412\/revisions"}],"wp:attachment":[{"href":"http:\/\/www.saarhafen.de\/en\/wp-json\/wp\/v2\/media?parent=1412"}],"wp:term":[{"taxonomy":"category","embeddable":true,"href":"http:\/\/www.saarhafen.de\/en\/wp-json\/wp\/v2\/categories?post=1412"},{"taxonomy":"post_tag","embeddable":true,"href":"http:\/\/www.saarhafen.de\/en\/wp-json\/wp\/v2\/tags?post=1412"}],"curies":[{"name":"wp","href":"https:\/\/api.w.org\/{rel}","templated":true}]}}