{"id":3235,"date":"2026-04-20T10:08:06","date_gmt":"2026-04-20T08:08:06","guid":{"rendered":"https:\/\/www.saarhafen.de\/salon-de-hanovre-2026-germanys-saarland-fait-la-promotion-de-la-sarre\/"},"modified":"2026-04-21T07:47:55","modified_gmt":"2026-04-21T05:47:55","slug":"salon-de-hanovre-2026-germanys-saarland-fait-la-promotion-de-la-sarre","status":"publish","type":"post","link":"http:\/\/www.saarhafen.de\/fr\/salon-de-hanovre-2026-germanys-saarland-fait-la-promotion-de-la-sarre\/","title":{"rendered":"Salon de Hanovre 2026\u00a0: \u00ab\u00a0Germany\u2019s Saarland\u00a0\u00bb fait la promotion de la Sarre"},"content":{"rendered":"<h1><strong>Salon de Hanovre 2026\u00a0:<br \/>\n\u00ab\u00a0Germany\u2019s Saarland\u00a0\u00bb fait la promotion de la Sarre en tant que p\u00f4le d\u2019activit\u00e9 aux c\u00f4t\u00e9s de ses partenaires lors de ce salon industriel international<\/strong><\/h1>\n<p>Du 20 au 24\u00a0avril, la gwSaar mettra en avant la Sarre en tant que p\u00f4le industriel et d\u2019innovation local lors du Salon de Hanovre, gr\u00e2ce \u00e0 un concept d\u2019exposition moderne et sous la marque internationale \u00ab\u00a0Germany\u2019s Saarland\u00a0\u00bb.<\/p>\n<p>Le salon de Hanovre, qui d\u00e9bute lundi, est le plus grand salon industriel au monde et une plateforme incontournable pour les innovations dans les domaines de l&rsquo;industrie, de l&rsquo;\u00e9nergie et des technologies d&rsquo;avenir. Dans le hall 11, au stand D41, le stand collectif gwSaar propose un espace d&rsquo;exposition et de rencontre unique. Il sert \u00e0 la fois de sc\u00e8ne pour les pr\u00e9sentations de produits et de plateforme d&rsquo;information et de mise en r\u00e9seau.<\/p>\n<p>J\u00fcrgen\u00a0Barke, ministre de l&rsquo;\u00c9conomie, a d\u00e9clar\u00e9\u00a0: \u00ab\u00a0Le salon de Hanovre est un lieu incontournable pour d\u00e9finir les orientations de la politique \u00e9conomique. En cette p\u00e9riode de bouleversements mondiaux, nous devons plus que jamais pr\u00e9server la valeur ajout\u00e9e industrielle, renforcer nos technologies et nouer de nouveaux partenariats. La Sarre r\u00e9unit toutes les conditions n\u00e9cessaires pour y parvenir et se positionne comme un p\u00f4le industriel comp\u00e9titif au c\u0153ur de l&rsquo;Europe.\u00a0\u00bb<\/p>\n<p>L&rsquo;objectif de cette participation au salon est de mieux faire conna\u00eetre, \u00e0 l&rsquo;\u00e9chelle internationale, le potentiel de la Sarre en tant que p\u00f4le industriel et d&rsquo;innovation, de mettre en r\u00e9seau les entreprises sarroises \u00e0 l&rsquo;\u00e9chelle mondiale, de favoriser l&rsquo;int\u00e9gration intersectorielle et de conqu\u00e9rir de nouveaux march\u00e9s.<\/p>\n<p>La visite d&rsquo;une d\u00e9l\u00e9gation \u00e9conomique am\u00e9ricaine conduite par le gouverneur de l&rsquo;Utah, Spencer\u00a0J.\u00a0Cox, le 20\u00a0avril, en est la preuve et constitue un temps fort\u00a0: dans le cadre des contacts existants avec la gwSaar, cette d\u00e9l\u00e9gation viendra s&rsquo;informer sur les capacit\u00e9s de l&rsquo;industrie locale et explorer les possibilit\u00e9s de coop\u00e9ration. Le gouvernement du Land de Sarre sera repr\u00e9sent\u00e9 par le ministre de l&rsquo;\u00c9conomie, J\u00fcrgen\u00a0Barke, qui participera \u00e9galement, le lendemain, au \u00ab\u00a0Utah-Saarland Business Alliance Forum\u00a0\u00bb (Repr\u00e9sentation de la Sarre aupr\u00e8s de la F\u00e9d\u00e9ration, Berlin).<\/p>\n<p>Sur le stand collectif \u00ab\u00a0Germany\u2019s Saarland\u00a0\u00bb, sept entreprises, associations et instituts sarrois pr\u00e9sentent leurs produits et services \u00e0 un public international. Il s\u2019agit de\u00a0:<\/p>\n<p>August-Wilhelm Scheer Institut f\u00fcr digitale Produkte und Prozesse gGmbH (AWSI)<\/p>\n<p>K\u00dcS \u2013 Bureau f\u00e9d\u00e9ral de la Sarre<\/p>\n<p>mateligent iDEAS GmbH &amp; ninitec vacuum gripper GmbH<\/p>\n<p>iMSL \u2013 intelligent Material Systems Lab \/ CiMS \u2013 Center for intelligent Material Systems<\/p>\n<p>WELLGO Systems GmbH<\/p>\n<p>Lehrstuhl f\u00fcr Antriebstechnik (LAT), Universit\u00e9 de la Sarre<\/p>\n<p>Ignite Group<\/p>\n<p>&nbsp;<\/p>\n<p>Vous trouverez des informations d\u00e9taill\u00e9es sur les projets et les offres des exposants sarrois dans le <a href=\"https:\/\/www.hannovermesse.de\/aussteller\/gwsaar\/N1570527?editor=visitorView&amp;scene-node=qgpjqpoi&amp;exhibitor=7jzluk2f&amp;tdom-loc=16upohnq\">&gt;&gt; catalogue du salon<\/a>.<\/p>\n<p>&nbsp;<\/p>\n","protected":false},"excerpt":{"rendered":"<p>Salon de Hanovre 2026\u00a0: \u00ab\u00a0Germany\u2019s Saarland\u00a0\u00bb fait la promotion de la Sarre en tant que<\/p>\n","protected":false},"author":7,"featured_media":0,"comment_status":"closed","ping_status":"closed","sticky":false,"template":"","format":"standard","meta":{"_acf_changed":false,"footnotes":""},"categories":[36],"tags":[],"class_list":["post-3235","post","type-post","status-publish","format-standard","hentry","category-gwsaar-fr"],"acf":[],"yoast_head":"<!-- This site is optimized with the Yoast SEO plugin v27.4 - https:\/\/yoast.com\/product\/yoast-seo-wordpress\/ -->\n<title>Salon de Hanovre 2026\u00a0: \u00ab\u00a0Germany\u2019s Saarland\u00a0\u00bb fait la promotion de la Sarre - Hafenbetriebe Saar<\/title>\n<meta name=\"robots\" content=\"index, follow, max-snippet:-1, max-image-preview:large, max-video-preview:-1\" \/>\n<link rel=\"canonical\" href=\"https:\/\/www.saarhafen.de\/fr\/salon-de-hanovre-2026-germanys-saarland-fait-la-promotion-de-la-sarre\/\" \/>\n<meta property=\"og:locale\" content=\"fr_FR\" \/>\n<meta property=\"og:type\" content=\"article\" \/>\n<meta property=\"og:title\" content=\"Salon de Hanovre 2026\u00a0: \u00ab\u00a0Germany\u2019s Saarland\u00a0\u00bb fait la promotion de la Sarre - Hafenbetriebe Saar\" \/>\n<meta property=\"og:description\" content=\"Salon de Hanovre 2026\u00a0: \u00ab\u00a0Germany\u2019s Saarland\u00a0\u00bb fait la promotion de la Sarre en tant que\" \/>\n<meta property=\"og:url\" content=\"https:\/\/www.saarhafen.de\/fr\/salon-de-hanovre-2026-germanys-saarland-fait-la-promotion-de-la-sarre\/\" \/>\n<meta property=\"og:site_name\" content=\"Hafenbetriebe Saar\" \/>\n<meta property=\"article:published_time\" content=\"2026-04-20T08:08:06+00:00\" \/>\n<meta property=\"article:modified_time\" content=\"2026-04-21T05:47:55+00:00\" \/>\n<meta name=\"author\" content=\"roseburgard\" \/>\n<meta name=\"twitter:card\" content=\"summary_large_image\" \/>\n<meta name=\"twitter:label1\" content=\"\u00c9crit par\" \/>\n\t<meta name=\"twitter:data1\" content=\"roseburgard\" \/>\n\t<meta name=\"twitter:label2\" content=\"Dur\u00e9e de lecture estim\u00e9e\" \/>\n\t<meta name=\"twitter:data2\" content=\"3 minutes\" \/>\n<script type=\"application\/ld+json\" class=\"yoast-schema-graph\">{\"@context\":\"https:\\\/\\\/schema.org\",\"@graph\":[{\"@type\":\"Article\",\"@id\":\"https:\\\/\\\/www.saarhafen.de\\\/fr\\\/salon-de-hanovre-2026-germanys-saarland-fait-la-promotion-de-la-sarre\\\/#article\",\"isPartOf\":{\"@id\":\"https:\\\/\\\/www.saarhafen.de\\\/fr\\\/salon-de-hanovre-2026-germanys-saarland-fait-la-promotion-de-la-sarre\\\/\"},\"author\":{\"name\":\"roseburgard\",\"@id\":\"http:\\\/\\\/www.saarhafen.de\\\/#\\\/schema\\\/person\\\/6de28da221fc7edc231f999716e955c5\"},\"headline\":\"Salon de Hanovre 2026\u00a0: \u00ab\u00a0Germany\u2019s Saarland\u00a0\u00bb fait la promotion de la Sarre\",\"datePublished\":\"2026-04-20T08:08:06+00:00\",\"dateModified\":\"2026-04-21T05:47:55+00:00\",\"mainEntityOfPage\":{\"@id\":\"https:\\\/\\\/www.saarhafen.de\\\/fr\\\/salon-de-hanovre-2026-germanys-saarland-fait-la-promotion-de-la-sarre\\\/\"},\"wordCount\":497,\"articleSection\":[\"gwSaar\"],\"inLanguage\":\"fr-FR\"},{\"@type\":\"WebPage\",\"@id\":\"https:\\\/\\\/www.saarhafen.de\\\/fr\\\/salon-de-hanovre-2026-germanys-saarland-fait-la-promotion-de-la-sarre\\\/\",\"url\":\"https:\\\/\\\/www.saarhafen.de\\\/fr\\\/salon-de-hanovre-2026-germanys-saarland-fait-la-promotion-de-la-sarre\\\/\",\"name\":\"Salon de Hanovre 2026\u00a0: \u00ab\u00a0Germany\u2019s Saarland\u00a0\u00bb fait la promotion de la Sarre - Hafenbetriebe Saar\",\"isPartOf\":{\"@id\":\"http:\\\/\\\/www.saarhafen.de\\\/#website\"},\"datePublished\":\"2026-04-20T08:08:06+00:00\",\"dateModified\":\"2026-04-21T05:47:55+00:00\",\"author\":{\"@id\":\"http:\\\/\\\/www.saarhafen.de\\\/#\\\/schema\\\/person\\\/6de28da221fc7edc231f999716e955c5\"},\"breadcrumb\":{\"@id\":\"https:\\\/\\\/www.saarhafen.de\\\/fr\\\/salon-de-hanovre-2026-germanys-saarland-fait-la-promotion-de-la-sarre\\\/#breadcrumb\"},\"inLanguage\":\"fr-FR\",\"potentialAction\":[{\"@type\":\"ReadAction\",\"target\":[\"https:\\\/\\\/www.saarhafen.de\\\/fr\\\/salon-de-hanovre-2026-germanys-saarland-fait-la-promotion-de-la-sarre\\\/\"]}]},{\"@type\":\"BreadcrumbList\",\"@id\":\"https:\\\/\\\/www.saarhafen.de\\\/fr\\\/salon-de-hanovre-2026-germanys-saarland-fait-la-promotion-de-la-sarre\\\/#breadcrumb\",\"itemListElement\":[{\"@type\":\"ListItem\",\"position\":1,\"name\":\"Home\",\"item\":\"https:\\\/\\\/www.saarhafen.de\\\/fr\\\/\"},{\"@type\":\"ListItem\",\"position\":2,\"name\":\"Salon de Hanovre 2026\u00a0: \u00ab\u00a0Germany\u2019s Saarland\u00a0\u00bb fait la promotion de la Sarre\"}]},{\"@type\":\"WebSite\",\"@id\":\"http:\\\/\\\/www.saarhafen.de\\\/#website\",\"url\":\"http:\\\/\\\/www.saarhafen.de\\\/\",\"name\":\"Hafenbetriebe Saar\",\"description\":\"Eine weitere SHS | Strukturholding Saar Seiten Seite\",\"potentialAction\":[{\"@type\":\"SearchAction\",\"target\":{\"@type\":\"EntryPoint\",\"urlTemplate\":\"http:\\\/\\\/www.saarhafen.de\\\/?s={search_term_string}\"},\"query-input\":{\"@type\":\"PropertyValueSpecification\",\"valueRequired\":true,\"valueName\":\"search_term_string\"}}],\"inLanguage\":\"fr-FR\"},{\"@type\":\"Person\",\"@id\":\"http:\\\/\\\/www.saarhafen.de\\\/#\\\/schema\\\/person\\\/6de28da221fc7edc231f999716e955c5\",\"name\":\"roseburgard\",\"url\":\"http:\\\/\\\/www.saarhafen.de\\\/fr\\\/author\\\/rose\\\/\"}]}<\/script>\n<!-- \/ Yoast SEO plugin. -->","yoast_head_json":{"title":"Salon de Hanovre 2026\u00a0: \u00ab\u00a0Germany\u2019s Saarland\u00a0\u00bb fait la promotion de la Sarre - Hafenbetriebe Saar","robots":{"index":"index","follow":"follow","max-snippet":"max-snippet:-1","max-image-preview":"max-image-preview:large","max-video-preview":"max-video-preview:-1"},"canonical":"https:\/\/www.saarhafen.de\/fr\/salon-de-hanovre-2026-germanys-saarland-fait-la-promotion-de-la-sarre\/","og_locale":"fr_FR","og_type":"article","og_title":"Salon de Hanovre 2026\u00a0: \u00ab\u00a0Germany\u2019s Saarland\u00a0\u00bb fait la promotion de la Sarre - Hafenbetriebe Saar","og_description":"Salon de Hanovre 2026\u00a0: \u00ab\u00a0Germany\u2019s Saarland\u00a0\u00bb fait la promotion de la Sarre en tant que","og_url":"https:\/\/www.saarhafen.de\/fr\/salon-de-hanovre-2026-germanys-saarland-fait-la-promotion-de-la-sarre\/","og_site_name":"Hafenbetriebe Saar","article_published_time":"2026-04-20T08:08:06+00:00","article_modified_time":"2026-04-21T05:47:55+00:00","author":"roseburgard","twitter_card":"summary_large_image","twitter_misc":{"\u00c9crit par":"roseburgard","Dur\u00e9e de lecture estim\u00e9e":"3 minutes"},"schema":{"@context":"https:\/\/schema.org","@graph":[{"@type":"Article","@id":"https:\/\/www.saarhafen.de\/fr\/salon-de-hanovre-2026-germanys-saarland-fait-la-promotion-de-la-sarre\/#article","isPartOf":{"@id":"https:\/\/www.saarhafen.de\/fr\/salon-de-hanovre-2026-germanys-saarland-fait-la-promotion-de-la-sarre\/"},"author":{"name":"roseburgard","@id":"http:\/\/www.saarhafen.de\/#\/schema\/person\/6de28da221fc7edc231f999716e955c5"},"headline":"Salon de Hanovre 2026\u00a0: \u00ab\u00a0Germany\u2019s Saarland\u00a0\u00bb fait la promotion de la Sarre","datePublished":"2026-04-20T08:08:06+00:00","dateModified":"2026-04-21T05:47:55+00:00","mainEntityOfPage":{"@id":"https:\/\/www.saarhafen.de\/fr\/salon-de-hanovre-2026-germanys-saarland-fait-la-promotion-de-la-sarre\/"},"wordCount":497,"articleSection":["gwSaar"],"inLanguage":"fr-FR"},{"@type":"WebPage","@id":"https:\/\/www.saarhafen.de\/fr\/salon-de-hanovre-2026-germanys-saarland-fait-la-promotion-de-la-sarre\/","url":"https:\/\/www.saarhafen.de\/fr\/salon-de-hanovre-2026-germanys-saarland-fait-la-promotion-de-la-sarre\/","name":"Salon de Hanovre 2026\u00a0: \u00ab\u00a0Germany\u2019s Saarland\u00a0\u00bb fait la promotion de la Sarre - Hafenbetriebe Saar","isPartOf":{"@id":"http:\/\/www.saarhafen.de\/#website"},"datePublished":"2026-04-20T08:08:06+00:00","dateModified":"2026-04-21T05:47:55+00:00","author":{"@id":"http:\/\/www.saarhafen.de\/#\/schema\/person\/6de28da221fc7edc231f999716e955c5"},"breadcrumb":{"@id":"https:\/\/www.saarhafen.de\/fr\/salon-de-hanovre-2026-germanys-saarland-fait-la-promotion-de-la-sarre\/#breadcrumb"},"inLanguage":"fr-FR","potentialAction":[{"@type":"ReadAction","target":["https:\/\/www.saarhafen.de\/fr\/salon-de-hanovre-2026-germanys-saarland-fait-la-promotion-de-la-sarre\/"]}]},{"@type":"BreadcrumbList","@id":"https:\/\/www.saarhafen.de\/fr\/salon-de-hanovre-2026-germanys-saarland-fait-la-promotion-de-la-sarre\/#breadcrumb","itemListElement":[{"@type":"ListItem","position":1,"name":"Home","item":"https:\/\/www.saarhafen.de\/fr\/"},{"@type":"ListItem","position":2,"name":"Salon de Hanovre 2026\u00a0: \u00ab\u00a0Germany\u2019s Saarland\u00a0\u00bb fait la promotion de la Sarre"}]},{"@type":"WebSite","@id":"http:\/\/www.saarhafen.de\/#website","url":"http:\/\/www.saarhafen.de\/","name":"Hafenbetriebe Saar","description":"Eine weitere SHS | Strukturholding Saar Seiten Seite","potentialAction":[{"@type":"SearchAction","target":{"@type":"EntryPoint","urlTemplate":"http:\/\/www.saarhafen.de\/?s={search_term_string}"},"query-input":{"@type":"PropertyValueSpecification","valueRequired":true,"valueName":"search_term_string"}}],"inLanguage":"fr-FR"},{"@type":"Person","@id":"http:\/\/www.saarhafen.de\/#\/schema\/person\/6de28da221fc7edc231f999716e955c5","name":"roseburgard","url":"http:\/\/www.saarhafen.de\/fr\/author\/rose\/"}]}},"_links":{"self":[{"href":"http:\/\/www.saarhafen.de\/fr\/wp-json\/wp\/v2\/posts\/3235","targetHints":{"allow":["GET"]}}],"collection":[{"href":"http:\/\/www.saarhafen.de\/fr\/wp-json\/wp\/v2\/posts"}],"about":[{"href":"http:\/\/www.saarhafen.de\/fr\/wp-json\/wp\/v2\/types\/post"}],"author":[{"embeddable":true,"href":"http:\/\/www.saarhafen.de\/fr\/wp-json\/wp\/v2\/users\/7"}],"replies":[{"embeddable":true,"href":"http:\/\/www.saarhafen.de\/fr\/wp-json\/wp\/v2\/comments?post=3235"}],"version-history":[{"count":0,"href":"http:\/\/www.saarhafen.de\/fr\/wp-json\/wp\/v2\/posts\/3235\/revisions"}],"wp:attachment":[{"href":"http:\/\/www.saarhafen.de\/fr\/wp-json\/wp\/v2\/media?parent=3235"}],"wp:term":[{"taxonomy":"category","embeddable":true,"href":"http:\/\/www.saarhafen.de\/fr\/wp-json\/wp\/v2\/categories?post=3235"},{"taxonomy":"post_tag","embeddable":true,"href":"http:\/\/www.saarhafen.de\/fr\/wp-json\/wp\/v2\/tags?post=3235"}],"curies":[{"name":"wp","href":"https:\/\/api.w.org\/{rel}","templated":true}]}}